{"id":61682,"date":"2022-08-02T19:04:50","date_gmt":"2022-08-02T17:04:50","guid":{"rendered":"https:\/\/latouchemusicale.com\/fur-elise-anecdotes\/"},"modified":"2023-03-01T13:08:33","modified_gmt":"2023-03-01T12:08:33","slug":"fur-elise-anedotas","status":"publish","type":"post","link":"https:\/\/latouchemusicale.com\/pt-br\/fur-elise-anedotas\/","title":{"rendered":"F\u00fcr Elise: 4 Anecdotes para saber sobre esta pe\u00e7a m\u00edtica"},"content":{"rendered":"\n<h2 class=\"wp-block-heading\">O que \u00e9 F\u00fcr Elise?<\/h2>\n\n\n\n<p>F\u00fcr Elise \u00e9 uma pe\u00e7a de m\u00fasica cl\u00e1ssica para piano composta em Viena em 1810 pelo pianista-compositor Ludwig van Beethoven. Classificada como Bagatelle, a can\u00e7\u00e3o n\u00e3o era realmente conhecida at\u00e9 1867, quando foi publicada na partitura.<\/p>\n\n\n\n<p>A can\u00e7\u00e3o \u00e9 composta de 103 barras e seu tempo de dura\u00e7\u00e3o \u00e9 de cerca de 3 minutos.<\/p>\n\n\n\n<p>F\u00fcr Elise \u00e9 agora a can\u00e7\u00e3o cl\u00e1ssica para piano mais famosa do mundo, seguida de perto pelo C\u00e2none de Pachelbel. Ela tem sido interpretada e arranjada muitas vezes ao longo da hist\u00f3ria.<\/p>\n\n\n\n<h2 class=\"wp-block-heading\">Quem escreveu F\u00fcr Elise?<\/h2>\n\n\n\n<p>O compositor de F\u00fcr Elise \u00e9 o pianista alem\u00e3o Ludwig van Beethoven. Muito famoso em sua vida, ele foi ainda mais depois de sua morte. Hoje ele \u00e9 um dos mais famosos pianistas e compositores cl\u00e1ssicos do mundo, ao lado de Mozart, Schubert, Debussy e Chopin.<\/p>\n\n\n\n<figure class=\"wp-block-image size-full\"><img fetchpriority=\"high\" decoding=\"async\" width=\"740\" height=\"492\" src=\"https:\/\/latouchemusicale.com\/wp-content\/uploads\/2022\/08\/fur-elise-beethoven.png\" alt=\"fur elise beethoven\" class=\"wp-image-39828\" srcset=\"https:\/\/latouchemusicale.com\/wp-content\/uploads\/2022\/08\/fur-elise-beethoven.png 740w, https:\/\/latouchemusicale.com\/wp-content\/uploads\/2022\/08\/fur-elise-beethoven-300x199.png 300w\" sizes=\"(max-width: 740px) 100vw, 740px\" \/><figcaption class=\"wp-element-caption\">Ludwig Van Beethoven: autor de F\u00fcr Elise.<\/figcaption><\/figure>\n\n\n\n<h2 class=\"wp-block-heading\">Quem era Ludwig van Beethoven?<\/h2>\n\n\n\n<p>Beethoven \u00e9 um pianista e compositor alem\u00e3o nascido na cidade de Bonn em 1770.<\/p>\n\n\n\n<p>Seu pai, tamb\u00e9m m\u00fasico, ensinou-lhe m\u00fasica desde cedo. O jovem Beethoven parece ser dotado e rapidamente se encontra um m\u00fasico excepcional.<\/p>\n\n\n\n<p>Aos 27 anos de idade, Beethoven tornou-se surdo. Ele comp\u00f4s ent\u00e3o todas as suas sinfonias, pe\u00e7as para piano ou m\u00fasica de c\u00e2mara sem poder escut\u00e1-las. Assim nasceu a Nona Sinfonia ou a Missa solemnis na surdez de seu autor.<\/p>\n\n\n\n<p>Beethoven morreu em 1827 em Viena, depois de legar \u00e0 humanidade uma produ\u00e7\u00e3o musical excepcional.<\/p>\n\n\n\n<p>Depois de Mozart ou Haydn, ele foi o \u00faltimo s\u00edmbolo de um movimento chamado classicismo vienense e preparou, atrav\u00e9s de suas composi\u00e7\u00f5es, o advento do romantismo.<\/p>\n\n\n\n<p>Hoje, Beethoven \u00e9 considerado um dos <a href=\"https:\/\/latouchemusicale.com\/pt-br\/20-pianistas-mais-famosos\/\"><span style=\"text-decoration: underline;\">pianistas mais famosos de todos os tempos<\/span><\/a>.<\/p>\n\n\n\n<h2 class=\"wp-block-heading\">Por que Beethoven escreveu esta pe\u00e7a para piano?<\/h2>\n\n\n\n<p>Sempre pensamos que Beethoven tinha escrito F\u00fcr Elise para honrar uma certa Elise, como o nome indicava. Mas n\u00e3o t\u00ednhamos conhecimento de nenhuma Elise em sua comitiva. Ou as fontes que mencionavam Elise tinham desaparecido, ou Elise nunca tinha existido\u2026 Desenvolvemos este t\u00f3pico em v\u00e1rias das 4 anedotas a seguir!<\/p>\n\n\n\n<h2 class=\"wp-block-heading\">4 anedotas pouco conhecidas sobre F\u00fcr Elise<\/h2>\n\n\n\n<h3 class=\"wp-block-heading\">1 &#8211; Uma dedica\u00e7\u00e3o a Therese Malfatti?<\/h3>\n\n\n\n<p>V\u00e1rias hip\u00f3teses s\u00e3o apresentadas quanto \u00e0 verdadeira dedica\u00e7\u00e3o desta pe\u00e7a. A primeira delas argumenta que o verdadeiro nome da m\u00fasica deveria ter sido F\u00fcr Therese! Diz-se que esta m\u00fasica foi destinada a uma certa Therese Malfatti, um m\u00fasico austr\u00edaco pr\u00f3ximo a Beethoven. O compositor a pediu em casamento em 1810 (a data da composi\u00e7\u00e3o de seu F\u00fcr Elise), mas ela rejeitou seu pedido. Mas ent\u00e3o, por que a pe\u00e7a se chama F\u00fcr Elise?<\/p>\n\n\n\n<p>Pouco depois da morte do famoso compositor alem\u00e3o, um music\u00f3logo chamado Ludwig Nohl descobriu a folha de m\u00fasica de Beethoven, chamada Bagatelle in A minor, WoO 59. Ao l\u00ea-la, ele percebeu que n\u00e3o podia discernir corretamente todas as letras contidas no t\u00edtulo, especialmente no nome da dedicat\u00f3ria. No entanto, ele conseguiu distinguir as duas \u00faltimas letras do nome: &#8220;se&#8221;. Ele ent\u00e3o teve a id\u00e9ia de nome\u00e1-la arbitrariamente &#8220;Elise&#8221;.<\/p>\n\n\n\n<h3 class=\"wp-block-heading\">2 &#8211; Uma dedica\u00e7\u00e3o a Therese of Brunswick?<\/h3>\n\n\n\n<p>Outra hip\u00f3tese \u00e9 que este nome de Therese, ao qual muitas pistas nos trazem, na verdade se refere a uma certa Therese de Brunswick. Esta \u00faltima era uma aluna de Beethoven, mas tamb\u00e9m sua amante. Dizia-se que ambas estavam em uma rela\u00e7\u00e3o rom\u00e2ntica h\u00e1 mais de dois anos, de 1806 a 1808.<\/p>\n\n\n\n<p>Esta n\u00e3o \u00e9 a primeira vez que o compositor dedica uma de suas pe\u00e7as a Therese de Brunswick. Em 1809, ele tinha composto sua Sonata para Piano n\u00ba 24 em F\u00e1 maior, Opus 78, que ele dedicou a Therese.<\/p>\n\n\n\n<h3 class=\"wp-block-heading\">3 &#8211; Uma dedica\u00e7\u00e3o a Elisabeth R\u00e0ckel?<\/h3>\n\n\n\n<p>Uma terceira hip\u00f3tese, mais recente e feita por Klaus Martin Kopitz, seria que F\u00fcr Elise \u00e9 na verdade uma dedica\u00e7\u00e3o a uma certa Elisabeth Rackel, cantora alem\u00e3, que na verdade se chamava Maria Eva Elise.<\/p>\n\n\n\n<p>Esta suposi\u00e7\u00e3o \u00e9 vi\u00e1vel na medida em que os dois protagonistas tinham uma rela\u00e7\u00e3o de amizade, se n\u00e3o mais (sem poder verific\u00e1-la). Uma fonte contempor\u00e2nea mencionou uma anedota interessante sobre isso: durante um jantar, Beethoven teria beliscado o bra\u00e7o de Elizabeth por um gesto de afeto.<\/p>\n\n\n\n<h3 class=\"wp-block-heading\">4 &#8211; Fama p\u00f3stumo<\/h3>\n\n\n\n<p>F\u00fcr Elise n\u00e3o era conhecido durante a vida do autor. De fato, como dito anteriormente, foi um music\u00f3logo que encontrou esta pe\u00e7a nos assuntos de Beethoven. Ap\u00f3s esta descoberta, ele decidiu public\u00e1-la em 1867, 40 anos ap\u00f3s a morte do compositor alem\u00e3o (Beethoven morreu em 1827). Assim, durante todos estes anos, a can\u00e7\u00e3o permaneceu desconhecida para o p\u00fablico em geral.<\/p>\n\n\n\n<blockquote class=\"wp-block-quote is-layout-flow wp-block-quote-is-layout-flow\">\n<p><a href=\"https:\/\/latouchemusicale.com\/pt-br\/\"><span style=\"text-decoration: underline;\"><strong>&gt;&gt; Aprenda facilmente F\u00fcr Elise no La Touche Musicale<\/strong><\/span><\/a><\/p>\n<\/blockquote>\n\n\n\n<p><a href=\"https:\/\/latouchemusicale.com\/en\/free-ebook-piano\/\"><\/a><\/p>\n","protected":false},"excerpt":{"rendered":"<p>Voc\u00ea certamente conhece F\u00fcr Elise, do pianista Beethoven. Mas voc\u00ea conhece estas 4 anedotas sobre esta composi\u00e7\u00e3o e seu autor?<\/p>\n","protected":false},"author":3,"featured_media":58475,"comment_status":"closed","ping_status":"closed","sticky":false,"template":"","format":"standard","meta":{"_acf_changed":false,"_seopress_robots_primary_cat":"194","_seopress_titles_title":"%%post_title%% %%sep%% %%sitetitle%%","_seopress_titles_desc":"Voc\u00ea certamente conhece F\u00fcr Elise, do pianista Beethoven. Mas voc\u00ea conhece estas 4 anedotas sobre esta composi\u00e7\u00e3o e seu autor?","_seopress_robots_index":"","footnotes":""},"categories":[194],"tags":[195],"class_list":{"0":"post-61682","1":"post","2":"type-post","3":"status-publish","4":"format-standard","5":"has-post-thumbnail","7":"category-piano-pianistas-tudo-voce-precisa-saber","8":"tag-item-padrao"},"acf":[],"_links":{"self":[{"href":"https:\/\/latouchemusicale.com\/pt-br\/wp-json\/wp\/v2\/posts\/61682","targetHints":{"allow":["GET"]}}],"collection":[{"href":"https:\/\/latouchemusicale.com\/pt-br\/wp-json\/wp\/v2\/posts"}],"about":[{"href":"https:\/\/latouchemusicale.com\/pt-br\/wp-json\/wp\/v2\/types\/post"}],"author":[{"embeddable":true,"href":"https:\/\/latouchemusicale.com\/pt-br\/wp-json\/wp\/v2\/users\/3"}],"replies":[{"embeddable":true,"href":"https:\/\/latouchemusicale.com\/pt-br\/wp-json\/wp\/v2\/comments?post=61682"}],"version-history":[{"count":0,"href":"https:\/\/latouchemusicale.com\/pt-br\/wp-json\/wp\/v2\/posts\/61682\/revisions"}],"wp:featuredmedia":[{"embeddable":true,"href":"https:\/\/latouchemusicale.com\/pt-br\/wp-json\/wp\/v2\/media\/58475"}],"wp:attachment":[{"href":"https:\/\/latouchemusicale.com\/pt-br\/wp-json\/wp\/v2\/media?parent=61682"}],"wp:term":[{"taxonomy":"category","embeddable":true,"href":"https:\/\/latouchemusicale.com\/pt-br\/wp-json\/wp\/v2\/categories?post=61682"},{"taxonomy":"post_tag","embeddable":true,"href":"https:\/\/latouchemusicale.com\/pt-br\/wp-json\/wp\/v2\/tags?post=61682"}],"curies":[{"name":"wp","href":"https:\/\/api.w.org\/{rel}","templated":true}]}}